{"id":1747,"date":"2018-12-09T05:15:48","date_gmt":"2018-12-09T05:15:48","guid":{"rendered":"http:\/\/archbishopsylvainlavoie.com\/?p=1747"},"modified":"2018-12-09T05:16:12","modified_gmt":"2018-12-09T05:16:12","slug":"homily-solemnity-of-the-immaculate-conception-2","status":"publish","type":"post","link":"http:\/\/archbishopsylvainlavoie.com\/index.php\/2018\/12\/09\/homily-solemnity-of-the-immaculate-conception-2\/","title":{"rendered":"HOMILY SOLEMNITY OF THE IMMACULATE CONCEPTION"},"content":{"rendered":"<p><em>Balancing Devotion with Imitation<\/em><\/p>\n<p>(Gen 3:9-20; Ps 98; Eph 1:3-12; Lk 1:26-38)<\/p>\n<p>**********************************************************<\/p>\n<p>In November &#8211; December of 2016 and again in 2918, I was chaplain for a group of pilgrims to the Holy Land, and was privileged to preside at the Eucharist commemorating this feast of the Immaculate Conception. The celebrations took place in the cave\/grotto where St. Jerome spent 35 years translating the Hebrew and Aramaic texts into the Latin Vulgate.<\/p>\n<div id=\"attachment_1748\" style=\"width: 310px\" class=\"wp-caption alignnone\"><img loading=\"lazy\" decoding=\"async\" aria-describedby=\"caption-attachment-1748\" class=\"size-medium wp-image-1748\" src=\"http:\/\/archbishopsylvainlavoie.com\/wp-content\/uploads\/2018\/12\/27-Nativity-Cave-Paula-300x200.jpeg\" alt=\"\" width=\"300\" height=\"200\" srcset=\"http:\/\/archbishopsylvainlavoie.com\/wp-content\/uploads\/2018\/12\/27-Nativity-Cave-Paula-300x200.jpeg 300w, http:\/\/archbishopsylvainlavoie.com\/wp-content\/uploads\/2018\/12\/27-Nativity-Cave-Paula-768x512.jpeg 768w, http:\/\/archbishopsylvainlavoie.com\/wp-content\/uploads\/2018\/12\/27-Nativity-Cave-Paula-1024x683.jpeg 1024w\" sizes=\"auto, (max-width: 300px) 100vw, 300px\" \/><p id=\"caption-attachment-1748\" class=\"wp-caption-text\">Cave of St Jerome<\/p><\/div>\n<p>The Word of God he translated invites us to balance devotion to Mary with imitation of her, especially in doing the will of God.<\/p>\n<p>Fr. Cantalamessa, the papal preacher, went so far as to say that imitation of Mary is just as important as devotion to her. I would suggest that we balance both devotion to, and imitation of, Mary in our lives, especially by imitating her fiat and doing the will of God.<\/p>\n<p>The first reading of the temptation and fall of Adam and Eve reminds us of the reality of temptation to put our faith in the false gods of possessions and pleasure, prestige and fame, power and control. Their failure to obey the will of God led to what we call original sin, manifested in the reading by fear, shame, blame, denial, and projection, a woundedness that affects our world to this day.<\/p>\n<p>Some would say we all have an original wound, or core grief, that underlies our addictions and our wrongdoing \u2013 our own original sinfulness.<\/p>\n<p>The psalm is prophetic in reassuring us there is one who is victorious, who has done marvelous things, and so we should sing to the Lord a new song to celebrate this reality, this victory.<\/p>\n<p>St. Paul, in his words to the Ephesians in the second reading, identifies this victor as Jesus Christ, who is holy and blameless in love, and who has adopted us into his own divine life as sons and daughters so we could live to the praise of his glory.<\/p>\n<p>The familiar story of the annunciation in the Gospel reminds us that Mary shares in the victory of Jesus, her son, over sin and death. As such, she was sinless from the moment of her conception, holy and immaculate, filled with grace, with no original sin or wound, for nothing is impossible with God. We are invited to venerate her, and above all, to imitate her qualities of faith, compassion, justice and genuine caring.<\/p>\n<p><img loading=\"lazy\" decoding=\"async\" class=\"alignnone size-medium wp-image-1749\" src=\"http:\/\/archbishopsylvainlavoie.com\/wp-content\/uploads\/2018\/12\/Annunciation-200x300.jpg\" alt=\"\" width=\"200\" height=\"300\" srcset=\"http:\/\/archbishopsylvainlavoie.com\/wp-content\/uploads\/2018\/12\/Annunciation-200x300.jpg 200w, http:\/\/archbishopsylvainlavoie.com\/wp-content\/uploads\/2018\/12\/Annunciation.jpg 236w\" sizes=\"auto, (max-width: 200px) 100vw, 200px\" \/><\/p>\n<p>The Old Testament intuits this holiness of Mary, especially in the Song of Songs: \u201cYou are altogether beautiful, my love; there is no flaw in you\u201d (4:7). \u201cMy dove, my perfect one, is the only one, the darling of her mother, flawless to her that bore her. The maidens saw her and called her happy\u201d (6:9). To whom else would these verses be referring to?<\/p>\n<p>Richard and Danelle Borgman, in their <em>Searching for the Beautiful Garden, <\/em>point out Mary did not receive the grace when the angel greeted her. She is \u201cFull of Grace\u201d and has been from the moment of her conception. The Greek word for \u201cFull of Grace\u201d is <em>k\u00e9charit\u00f4m\u00e9n\u00ea <\/em>which is the perfect participle of the verb, meaning the act of becoming \u201cFull of Grace\u00a0 had been completed in the past before the angel spoke. Every grace that we need is already in abundance in the heart of our mother, Mary. (199)<\/p>\n<p>The late Gerald May, a Catholic psychologist and good friend of Richard Rohr\u2019s, would have come to the Queen\u2019s House of Retreats in Saskatoon, Saskatchewan years ago at the invitation of then program coordinator Lucie Leduc, but had to decline because of illness. In his book entitled <em>Will and Grace<\/em>, he points out the choice we have: we can be stubborn and willful, resisting God\u2019s grace and landing ourselves into all kinds of trouble, or we can be willing and open to God\u2019s will, becoming like Mary, full of grace and obedient to how God wants to use us to build up the reign of God here on earth.<\/p>\n<p>Step 11 of the 12 Step program invites us through prayer and meditation to improve our conscious contact with God, seeking only the knowledge of God\u2019s will for us, and the power to carry it out. That Step fits the feast of the Immaculate Conception like a glove.<\/p>\n<p>The Eucharist is a celebration of how Jesus, like Mary, did the will of the Father, at the cost of his life. May our celebration deepen our faith in Jesus, Son of Mary, and empower us to balance devotion to Mary with imitation of Mary in our lives.<\/p>\n<p>&nbsp;<\/p>\n<p>&nbsp;<\/p>\n<p>&nbsp;<\/p>\n","protected":false},"excerpt":{"rendered":"<p>Balancing Devotion with Imitation (Gen 3:9-20; Ps 98; Eph 1:3-12; Lk 1:26-38) ********************************************************** In November &#8211; December of 2016 and again in 2918, I was chaplain for a group of pilgrims to the Holy Land, and was privileged to preside at the Eucharist commemorating this feast of the Immaculate Conception. The celebrations took place in [&hellip;]<\/p>\n","protected":false},"author":2,"featured_media":0,"comment_status":"open","ping_status":"open","sticky":false,"template":"","format":"standard","meta":{"footnotes":""},"categories":[14],"tags":[],"class_list":["post-1747","post","type-post","status-publish","format-standard","hentry","category-advent"],"_links":{"self":[{"href":"http:\/\/archbishopsylvainlavoie.com\/index.php\/wp-json\/wp\/v2\/posts\/1747","targetHints":{"allow":["GET"]}}],"collection":[{"href":"http:\/\/archbishopsylvainlavoie.com\/index.php\/wp-json\/wp\/v2\/posts"}],"about":[{"href":"http:\/\/archbishopsylvainlavoie.com\/index.php\/wp-json\/wp\/v2\/types\/post"}],"author":[{"embeddable":true,"href":"http:\/\/archbishopsylvainlavoie.com\/index.php\/wp-json\/wp\/v2\/users\/2"}],"replies":[{"embeddable":true,"href":"http:\/\/archbishopsylvainlavoie.com\/index.php\/wp-json\/wp\/v2\/comments?post=1747"}],"version-history":[{"count":1,"href":"http:\/\/archbishopsylvainlavoie.com\/index.php\/wp-json\/wp\/v2\/posts\/1747\/revisions"}],"predecessor-version":[{"id":1750,"href":"http:\/\/archbishopsylvainlavoie.com\/index.php\/wp-json\/wp\/v2\/posts\/1747\/revisions\/1750"}],"wp:attachment":[{"href":"http:\/\/archbishopsylvainlavoie.com\/index.php\/wp-json\/wp\/v2\/media?parent=1747"}],"wp:term":[{"taxonomy":"category","embeddable":true,"href":"http:\/\/archbishopsylvainlavoie.com\/index.php\/wp-json\/wp\/v2\/categories?post=1747"},{"taxonomy":"post_tag","embeddable":true,"href":"http:\/\/archbishopsylvainlavoie.com\/index.php\/wp-json\/wp\/v2\/tags?post=1747"}],"curies":[{"name":"wp","href":"https:\/\/api.w.org\/{rel}","templated":true}]}}